{"id":2118,"date":"2026-03-16T15:16:10","date_gmt":"2026-03-16T14:16:10","guid":{"rendered":"https:\/\/www.annacolombo.it\/?p=2118"},"modified":"2026-03-17T08:21:34","modified_gmt":"2026-03-17T07:21:34","slug":"la-tecnica-delle-affermazioni","status":"publish","type":"post","link":"https:\/\/www.annacolombo.it\/index.php\/2026\/03\/16\/la-tecnica-delle-affermazioni\/","title":{"rendered":"La tecnica delle affermazioni"},"content":{"rendered":"\n<p class=\"has-medium-font-size\"> Con le affermazioni possiamo rinnovare il nostro sistema di credo, l&#8217;insieme di modelli di comportamento, che ci portiamo dietro dall&#8217;infanzia. Tutti i &#8220;no&#8221; e &#8220;i s\u00ec&#8221; che avremmo voluto dire e non abbiamo detto, &#8220;i devo&#8221; e &#8220;i non devo&#8221;, &#8220;i non posso&#8221; e tanto altro, una sorta di corazza, che ognuno di noi conosce molto bene per la sofferenza che ci ha causato e causa se non la allentiamo, una colonna sonora inconscia che limita il nostro libero arbitrio, la libert\u00e0 di vivere la nostra vita con libert\u00e0, autenticit\u00e0, pienezza .<\/p>\n\n\n\n<p class=\"has-medium-font-size\">Lavorare con le affermazioni significa nutrire la nostra mente con nuove forme-pensiero, nuovi modi di pensarci e pensare l&#8217;altro, la vita. A ogni nuova forma-pensiero corrisponde la vecchia che, fino ad ora, ci ha ostacolato il cambiamento. Dare energia alla nuova significa indebolire la meccanicit\u00e0 della vecchia e sottrarci sempre pi\u00f9 alla sua influenza, fino a esaurire il suo potere su di noi. Immaginiamo la nuova forma-pensiero come un seme che piantiamo nella nostra mente e di cui dobbiamo prenderci cura, ricordandola e praticandola pi\u00f9 volte al giorno, perch\u00e9 possa fiorire, e la vecchia forma-pensiero come una quercia secolare, ben radicata nel terreno, che resiste anche ai venti pi\u00f9 impetuosi.<\/p>\n\n\n\n<p class=\"has-medium-font-size\">Un utile esercizio pu\u00f2 essere:<\/p>\n\n\n\n<p class=\"has-medium-font-size\">1) individuare \u201cil nuovo\u201d, l\u2019intenzione che vogliamo realizzare e scriverla;<\/p>\n\n\n\n<p class=\"has-medium-font-size\">2) identificare la forma-pensiero che ha funzionato fino ad ora, impedendoci di realizzare questa intenzione, e scriverla;<\/p>\n\n\n\n<p class=\"has-medium-font-size\">3) identificare la nuova forma-pensiero che pu\u00f2 trasformarla, e permetterci di realizzare la nostra intenzione;<\/p>\n\n\n\n<p class=\"has-medium-font-size\">4) lasciando spazio, scriverla sotto l\u2019altra e racchiuderla in un rettangolo, disegnato con un pennarello colorato, preferibilmente rosso;<\/p>\n\n\n\n<p class=\"has-medium-font-size\">5) con la penna, barrare con una croce la vecchia forma pensiero<\/p>\n\n\n\n<p class=\"has-medium-font-size\">Un accorgimento importante \u00e8 iniziare la nuova affermazione con \u201cio intendo\u201d, dove \u201cio\u201d \u00e8 l\u2019Io Sono, la parte centrale, stabile, della nostra personalit\u00e0, e \u201cintendo\u201d esprime la nostra piena intenzione di realizzare quell\u2019affermazione, di impegnarci con tutto il nostro Essere, a differenza di \u201cvoglio\u201d, espressione solo della volont\u00e0. Anche usare il presente indicativo \u00e8 importante per fissare con chiarezza il qui e ora, e non il modo infinito, indefinito e privo di un soggetto.<\/p>\n\n\n\n<p class=\"has-medium-font-size\"><strong>Ti do un esempio pratico<\/strong>:<\/p>\n\n\n\n<p class=\"has-medium-font-size\">1) metto a fuoco l\u2019intenzione, l\u2019<strong>obiettivo che intendo realizzare<\/strong>:<\/p>\n\n\n\n<p class=\"has-text-align-left has-medium-font-size\"><mark style=\"background-color:rgba(0, 0, 0, 0)\" class=\"has-inline-color has-vivid-red-color\"><strong>Io intendo relazionarmi con spontaneit\u00e0 e chiarezza nella mia vita privata e nell\u2019ambiente di lavoro<\/strong>.<\/mark><\/p>\n\n\n\n<p class=\"has-medium-font-size\">2) identifico e scrivo l\u2019abituale forma-pensiero del mio sistema di credo che non mi ha permesso fino ad ora questa realizzazione, ad esempio<\/p>\n\n\n\n<p class=\"has-text-align-center has-medium-font-size\"><strong>Io ho paura del conflitto e preferisco adeguarmi in ogni situazione<\/strong><\/p>\n\n\n\n<p class=\"has-medium-font-size\">3) identifico la <strong><mark style=\"background-color:rgba(0, 0, 0, 0)\" class=\"has-inline-color has-vivid-red-color\">nuova forma-pensiero<\/mark><\/strong> che pu\u00f2 trasformarla e dare energia alla mia intenzione, ad esempio<\/p>\n\n\n\n<p class=\"has-text-align-left has-medium-font-size\"> <strong><mark style=\"background-color:rgba(0, 0, 0, 0)\" class=\"has-inline-color has-vivid-red-color\">Io posso essere spontaneo\/a e chiaro\/a in ogni situazione, senza per questo entrare in conflitto<\/mark><\/strong><\/p>\n\n\n\n<p class=\"has-medium-font-size\">4) la scrivo sotto la vecchia forma-pensiero, lasciando spazio, all\u2019interno di un rettangolo, i cui bordi evidenzio con un pennarello, preferibilmente rosso<\/p>\n\n\n\n<p class=\"has-text-align-center has-medium-font-size\"><mark style=\"background-color:rgba(0, 0, 0, 0)\" class=\"has-inline-color has-vivid-red-color\"><strong>Io posso essere spontaneo\/a e chiaro\/a in ogni situazione, senza  entrare in conflitto<\/strong><\/mark><\/p>\n\n\n\n<p class=\"has-medium-font-size\">5) Con la penna barro con una croce la vecchia forma-pensiero.<\/p>\n\n\n\n<p class=\"has-medium-font-size\">Dopo aver praticato per un po\u2019 questa nuova forma-pensiero, una naturale evoluzione potrebbe essere:<\/p>\n\n\n\n<p class=\"has-text-align-left has-medium-font-size\"><strong><mark style=\"background-color:rgba(0, 0, 0, 0)\" class=\"has-inline-color has-vivid-red-color\">Io posso essere spontaneo\/a e chiaro\/a in ogni situazione, e se nasce un conflitto ho il coraggio, le capacit\u00e0 per affrontarlo<\/mark><\/strong><\/p>\n\n\n\n<p class=\"has-medium-font-size\"> Questo articolo \u00e8 tratto dal mio libro &#8220;Corpo e Coscienza &#8211; Crescere in Consapevolezza &#8211; Un viaggio nel nostro sistema energetico&#8221; Anima Edizioni  <a href=\"https:\/\/www.annacolombo.it\/index.php\/2023\/06\/19\/corpo-coscienza-evoluzione\/\">https:\/\/www.annacolombo.it\/index.php\/2023\/06\/19\/corpo-coscienza-evoluzione\/<\/a><\/p>\n\n\n\n<p class=\"has-medium-font-size\">Se ti verr\u00e0 voglia di provare questa tecnica, sar\u00f2 felice se condividerai come hai trovato  l&#8217;esperienza. Potrai usare  lo spazio del commento \ud83d\udc47  \ud83d\ude4f \ud83d\udc96<\/p>\n\n\n\n<p class=\"has-medium-font-size\">Anche se hai trovato utile questo articolo,  o hai qualche suggerimento, richiesta, ti sar\u00f2 grata per la tua collaborazione.  Usa lo spazio del commento \ud83d\udc47 o scrivimi all&#8217;indiizzo email nelvisibilelinvisibile@gmail.com<\/p>\n\n\n\n<p class=\"has-medium-font-size\">La tua &#8220;voce&#8221; \u00e8 importante, per rendere questo blog uno spazio vivo, interattivo. La tua presenza fa la differenza, arricchisce i nostri scambi, per crescere individualmente e collettivamente, ciascuno di noi camminando l&#8217;unicit\u00e0 del propio Cammino evolutivo.<\/p>\n\n\n\n<p class=\"has-medium-font-size\">Ti ringrazio \ud83d\ude4f\ud83d\ude0d<\/p>\n","protected":false},"excerpt":{"rendered":"<p>Con le affermazioni possiamo rinnovare il nostro sistema di credo, l&#8217;insieme di modelli di comportamento, che ci portiamo dietro dall&#8217;infanzia. Tutti i &#8220;no&#8221; e &#8220;i &#8230;. <\/p>\n","protected":false},"author":1,"featured_media":2128,"comment_status":"open","ping_status":"closed","sticky":false,"template":"","format":"standard","meta":{"footnotes":""},"categories":[8],"tags":[],"class_list":["post-2118","post","type-post","status-publish","format-standard","has-post-thumbnail","hentry","category-semi-di-consapevolezza"],"_links":{"self":[{"href":"https:\/\/www.annacolombo.it\/index.php\/wp-json\/wp\/v2\/posts\/2118","targetHints":{"allow":["GET"]}}],"collection":[{"href":"https:\/\/www.annacolombo.it\/index.php\/wp-json\/wp\/v2\/posts"}],"about":[{"href":"https:\/\/www.annacolombo.it\/index.php\/wp-json\/wp\/v2\/types\/post"}],"author":[{"embeddable":true,"href":"https:\/\/www.annacolombo.it\/index.php\/wp-json\/wp\/v2\/users\/1"}],"replies":[{"embeddable":true,"href":"https:\/\/www.annacolombo.it\/index.php\/wp-json\/wp\/v2\/comments?post=2118"}],"version-history":[{"count":14,"href":"https:\/\/www.annacolombo.it\/index.php\/wp-json\/wp\/v2\/posts\/2118\/revisions"}],"predecessor-version":[{"id":2146,"href":"https:\/\/www.annacolombo.it\/index.php\/wp-json\/wp\/v2\/posts\/2118\/revisions\/2146"}],"wp:featuredmedia":[{"embeddable":true,"href":"https:\/\/www.annacolombo.it\/index.php\/wp-json\/wp\/v2\/media\/2128"}],"wp:attachment":[{"href":"https:\/\/www.annacolombo.it\/index.php\/wp-json\/wp\/v2\/media?parent=2118"}],"wp:term":[{"taxonomy":"category","embeddable":true,"href":"https:\/\/www.annacolombo.it\/index.php\/wp-json\/wp\/v2\/categories?post=2118"},{"taxonomy":"post_tag","embeddable":true,"href":"https:\/\/www.annacolombo.it\/index.php\/wp-json\/wp\/v2\/tags?post=2118"}],"curies":[{"name":"wp","href":"https:\/\/api.w.org\/{rel}","templated":true}]}}